{"id":10025,"date":"2019-01-29T21:21:34","date_gmt":"2019-01-29T19:21:34","guid":{"rendered":"https:\/\/www.granadablogs.com\/juezcalatayud\/?p=10025"},"modified":"2019-01-29T21:22:07","modified_gmt":"2019-01-29T19:22:07","slug":"uno-de-cada-tres-padres-admite-estar-enganchado-al-movil-como-pronostico-einstein-ya-somos-idiotas","status":"publish","type":"post","link":"https:\/\/www.granadablogs.com\/juezcalatayud\/2019\/01\/uno-de-cada-tres-padres-admite-estar-enganchado-al-movil-como-pronostico-einstein-ya-somos-idiotas\/","title":{"rendered":"Uno de cada tres padres admite estar enganchado al m\u00f3vil; como pronostic\u00f3 Einstein, ya somos idiotas"},"content":{"rendered":"<p>&nbsp;<\/p>\n<figure id=\"attachment_8048\" aria-describedby=\"caption-attachment-8048\" style=\"width: 644px\" class=\"wp-caption aligncenter\"><img loading=\"lazy\" decoding=\"async\" class=\"wp-image-8048 size-large\" src=\"https:\/\/www.granadablogs.com\/juezcalatayud\/wp-content\/uploads\/2018\/03\/Gafas-644x306.jpg\" alt=\"\" width=\"644\" height=\"306\" srcset=\"https:\/\/www.granadablogs.com\/juezcalatayud\/wp-content\/uploads\/2018\/03\/Gafas-644x306.jpg 644w, https:\/\/www.granadablogs.com\/juezcalatayud\/wp-content\/uploads\/2018\/03\/Gafas-300x143.jpg 300w, https:\/\/www.granadablogs.com\/juezcalatayud\/wp-content\/uploads\/2018\/03\/Gafas-768x365.jpg 768w, https:\/\/www.granadablogs.com\/juezcalatayud\/wp-content\/uploads\/2018\/03\/Gafas.jpg 984w\" sizes=\"auto, (max-width: 644px) 100vw, 644px\" \/><figcaption id=\"caption-attachment-8048\" class=\"wp-caption-text\">ideal.es<\/figcaption><\/figure>\n<p>Buenas, soy Emilio Calatayud. Una encuesta de GAD3 para la asociaci\u00f3n de padres &#8216;Empantallados&#8217; ha concluido que uno de cada tres padres espa\u00f1oles reconoce estar enganchado a los m\u00f3viles y\/o las nuevas tecnolog\u00edas. De hecho, admiten que no son un buen ejemplo para sus hijos. Sobre esto, lo \u00fanico que se me ocurre es lo que dijo el bueno de Albert Einstein y que repito cada vez que puedo: \u201cTemo el d\u00eda en que la tecnolog\u00eda sobrepase nuestra humanidad. El mundo s\u00f3lo tendr\u00e1 una generaci\u00f3n de idiotas\u201d.<\/p>\n<p>Pues ya lo hemos logrado, ya somos idiotas. Incluido yo, claro. No es por corregir al maestro Einstein, pero creo ya vamos por la segunda o la tercera generaci\u00f3n de idiotas. Seguimos avanzado para atr\u00e1s.<\/p>\n","protected":false},"excerpt":{"rendered":"<p>&nbsp; Buenas, soy Emilio Calatayud. Una encuesta de GAD3 para la asociaci\u00f3n de padres &#8216;Empantallados&#8217; ha concluido que uno de cada tres padres espa\u00f1oles reconoce estar enganchado a los m\u00f3viles y\/o las nuevas tecnolog\u00edas. De hecho, admiten que no son un buen ejemplo para sus hijos. Sobre esto, lo \u00fanico que se me ocurre es [&hellip;]<\/p>\n","protected":false},"author":2,"featured_media":0,"comment_status":"open","ping_status":"open","sticky":false,"template":"","format":"standard","meta":{"jetpack_post_was_ever_published":false,"_jetpack_newsletter_access":"","_jetpack_dont_email_post_to_subs":false,"_jetpack_newsletter_tier_id":0,"_jetpack_memberships_contains_paywalled_content":false,"_jetpack_memberships_contains_paid_content":false,"footnotes":""},"categories":[1],"tags":[237,90],"class_list":["post-10025","post","type-post","status-publish","format-standard","hentry","category-blog","tag-moviles","tag-padres"],"jetpack_featured_media_url":"","jetpack_shortlink":"https:\/\/wp.me\/p5fzW5-2BH","jetpack-related-posts":[],"jetpack_sharing_enabled":true,"_links":{"self":[{"href":"https:\/\/www.granadablogs.com\/juezcalatayud\/wp-json\/wp\/v2\/posts\/10025","targetHints":{"allow":["GET"]}}],"collection":[{"href":"https:\/\/www.granadablogs.com\/juezcalatayud\/wp-json\/wp\/v2\/posts"}],"about":[{"href":"https:\/\/www.granadablogs.com\/juezcalatayud\/wp-json\/wp\/v2\/types\/post"}],"author":[{"embeddable":true,"href":"https:\/\/www.granadablogs.com\/juezcalatayud\/wp-json\/wp\/v2\/users\/2"}],"replies":[{"embeddable":true,"href":"https:\/\/www.granadablogs.com\/juezcalatayud\/wp-json\/wp\/v2\/comments?post=10025"}],"version-history":[{"count":3,"href":"https:\/\/www.granadablogs.com\/juezcalatayud\/wp-json\/wp\/v2\/posts\/10025\/revisions"}],"predecessor-version":[{"id":10030,"href":"https:\/\/www.granadablogs.com\/juezcalatayud\/wp-json\/wp\/v2\/posts\/10025\/revisions\/10030"}],"wp:attachment":[{"href":"https:\/\/www.granadablogs.com\/juezcalatayud\/wp-json\/wp\/v2\/media?parent=10025"}],"wp:term":[{"taxonomy":"category","embeddable":true,"href":"https:\/\/www.granadablogs.com\/juezcalatayud\/wp-json\/wp\/v2\/categories?post=10025"},{"taxonomy":"post_tag","embeddable":true,"href":"https:\/\/www.granadablogs.com\/juezcalatayud\/wp-json\/wp\/v2\/tags?post=10025"}],"curies":[{"name":"wp","href":"https:\/\/api.w.org\/{rel}","templated":true}]}}