{"id":2964,"date":"2012-02-13T21:35:21","date_gmt":"2012-02-13T19:35:21","guid":{"rendered":"http:\/\/www.granadablogs.com\/juanvida\/?p=2964"},"modified":"2012-02-15T14:43:26","modified_gmt":"2012-02-15T12:43:26","slug":"cabo-de-gata","status":"publish","type":"post","link":"https:\/\/www.granadablogs.com\/juanvida\/2012\/02\/cabo-de-gata\/","title":{"rendered":"CABO DE GATA"},"content":{"rendered":"<p>Llegu\u00e9 a Cabo de Gata a finales de agosto de 2000, en un d\u00eda pintado con el color resignaci\u00f3n de las vacaciones que terminan. Desde que entr\u00e9 por la larga recta que lleva al Cabo, qued\u00e9 imantado por la fotogenia de aquel paisaje \u00fanico, reducto ins\u00f3lito de lo que hasta hace poco fue el litoral espa\u00f1ol. A lo largo del d\u00eda,\u00a0con los primeros envites de un aire distinto, el cielo fue cambiado hacia un irremediable color des\u00e1nimo general. El oto\u00f1o y el invierno siguientes pint\u00e9 el recuerdo de ese d\u00eda y de otros muchos que se sucedieron en Cabo de Gata. En la edici\u00f3n de Arco de 2001 present\u00e9 dos cuadros gemelos, <em>Cuando menos se piensa <\/em>y<em> Salta la liebre<\/em>, tal vez los mejores de la serie. Despu\u00e9s, segu\u00ed pintando la inesperada arquitectura de la iglesia contra el cielo inmenso y el horizonte plano de Las Salinas en cuadros que expuse ese mismo a\u00f1o en la galer\u00eda Rosal\u00eda Sender de Valencia y en la Trindade de Oporto.<\/p>\n<p style=\"text-align: right;\">.<\/p>\n<p><img loading=\"lazy\" decoding=\"async\" class=\"alignnone  wp-image-2965\" title=\"Cuando menos se piensa\" src=\"http:\/\/www.granadablogs.com\/juanvida\/wp-content\/uploads\/2012\/02\/Cuando-menos-se-piensa.jpg\" alt=\"\" width=\"479\" height=\"482\" srcset=\"https:\/\/www.granadablogs.com\/juanvida\/wp-content\/uploads\/2012\/02\/Cuando-menos-se-piensa.jpg 591w, https:\/\/www.granadablogs.com\/juanvida\/wp-content\/uploads\/2012\/02\/Cuando-menos-se-piensa-450x452.jpg 450w\" sizes=\"auto, (max-width: 479px) 100vw, 479px\" \/><\/p>\n<p><em>Cuando menos se piensa<\/em> (2001) T\/M sobre lienzo. 195 x 195 cm.<\/p>\n<p style=\"text-align: right;\">.<\/p>\n<p><img loading=\"lazy\" decoding=\"async\" class=\"alignnone  wp-image-2966\" title=\"SALTA LA LIEBRE\" src=\"http:\/\/www.granadablogs.com\/juanvida\/wp-content\/uploads\/2012\/02\/SALTA-LA-LIEBRE.jpg\" alt=\"\" width=\"478\" height=\"479\" srcset=\"https:\/\/www.granadablogs.com\/juanvida\/wp-content\/uploads\/2012\/02\/SALTA-LA-LIEBRE.jpg 591w, https:\/\/www.granadablogs.com\/juanvida\/wp-content\/uploads\/2012\/02\/SALTA-LA-LIEBRE-300x300.jpg 300w, https:\/\/www.granadablogs.com\/juanvida\/wp-content\/uploads\/2012\/02\/SALTA-LA-LIEBRE-450x451.jpg 450w\" sizes=\"auto, (max-width: 478px) 100vw, 478px\" \/><\/p>\n<p><em>Salta la liebre<\/em> (2001) T\/M sobre lienzo. 195 x 195 cm.<\/p>\n<p style=\"text-align: right;\">.<\/p>\n<p><img loading=\"lazy\" decoding=\"async\" class=\"alignnone  wp-image-2967\" title=\"CABO DE GATA ESTE\" src=\"http:\/\/www.granadablogs.com\/juanvida\/wp-content\/uploads\/2012\/02\/CABO-DE-GATA-ESTE.jpg\" alt=\"\" width=\"477\" height=\"369\" srcset=\"https:\/\/www.granadablogs.com\/juanvida\/wp-content\/uploads\/2012\/02\/CABO-DE-GATA-ESTE.jpg 624w, https:\/\/www.granadablogs.com\/juanvida\/wp-content\/uploads\/2012\/02\/CABO-DE-GATA-ESTE-450x348.jpg 450w\" sizes=\"auto, (max-width: 477px) 100vw, 477px\" \/><\/p>\n<p><em>La Iglesia de las Salinas. Vista este<\/em>. (2001) T\/M sobre lienzo. 195 x 162 cm.<\/p>\n<p style=\"text-align: right;\">.<\/p>\n<p><img loading=\"lazy\" decoding=\"async\" class=\"alignnone  wp-image-2968\" title=\"CABO DE GATA SUR\" src=\"http:\/\/www.granadablogs.com\/juanvida\/wp-content\/uploads\/2012\/02\/CABO-DE-GATA-SUR.jpg\" alt=\"\" width=\"475\" height=\"364\" srcset=\"https:\/\/www.granadablogs.com\/juanvida\/wp-content\/uploads\/2012\/02\/CABO-DE-GATA-SUR.jpg 624w, https:\/\/www.granadablogs.com\/juanvida\/wp-content\/uploads\/2012\/02\/CABO-DE-GATA-SUR-450x345.jpg 450w\" sizes=\"auto, (max-width: 475px) 100vw, 475px\" \/><\/p>\n<p><em>La Iglesia de las Salinas. Vista sur<\/em>. (2001) T\/M sobre lienzo. 195 x 162 cm.<\/p>\n<p style=\"text-align: right;\">.<\/p>\n<p><img loading=\"lazy\" decoding=\"async\" class=\"alignnone  wp-image-2971\" title=\"AVIONETA...\" src=\"http:\/\/www.granadablogs.com\/juanvida\/wp-content\/uploads\/2012\/02\/AVIONETA...1.jpg\" alt=\"\" width=\"474\" height=\"466\" \/><\/p>\n<p><em>Avioneta publicitaria sobre Cabo de Gata<\/em>. (2001) T\/M sobre papel. 71 x 75 cm.<\/p>\n<p style=\"text-align: right;\">.<\/p>\n<p style=\"text-align: right;\">.<\/p>\n<p>&nbsp;<\/p>\n","protected":false},"excerpt":{"rendered":"<p>Llegu\u00e9 a Cabo de Gata a finales de agosto de 2000, en un d\u00eda pintado con el color resignaci\u00f3n de las vacaciones que terminan. Desde que entr\u00e9 por la larga recta que lleva al Cabo, qued\u00e9 imantado por la fotogenia de aquel paisaje \u00fanico, reducto ins\u00f3lito de lo que hasta hace poco fue el litoral [&hellip;]<\/p>\n","protected":false},"author":1,"featured_media":0,"comment_status":"open","ping_status":"open","sticky":false,"template":"","format":"standard","meta":{"footnotes":""},"categories":[1],"tags":[],"class_list":["post-2964","post","type-post","status-publish","format-standard","hentry","category-general"],"_links":{"self":[{"href":"https:\/\/www.granadablogs.com\/juanvida\/wp-json\/wp\/v2\/posts\/2964","targetHints":{"allow":["GET"]}}],"collection":[{"href":"https:\/\/www.granadablogs.com\/juanvida\/wp-json\/wp\/v2\/posts"}],"about":[{"href":"https:\/\/www.granadablogs.com\/juanvida\/wp-json\/wp\/v2\/types\/post"}],"author":[{"embeddable":true,"href":"https:\/\/www.granadablogs.com\/juanvida\/wp-json\/wp\/v2\/users\/1"}],"replies":[{"embeddable":true,"href":"https:\/\/www.granadablogs.com\/juanvida\/wp-json\/wp\/v2\/comments?post=2964"}],"version-history":[{"count":17,"href":"https:\/\/www.granadablogs.com\/juanvida\/wp-json\/wp\/v2\/posts\/2964\/revisions"}],"predecessor-version":[{"id":2988,"href":"https:\/\/www.granadablogs.com\/juanvida\/wp-json\/wp\/v2\/posts\/2964\/revisions\/2988"}],"wp:attachment":[{"href":"https:\/\/www.granadablogs.com\/juanvida\/wp-json\/wp\/v2\/media?parent=2964"}],"wp:term":[{"taxonomy":"category","embeddable":true,"href":"https:\/\/www.granadablogs.com\/juanvida\/wp-json\/wp\/v2\/categories?post=2964"},{"taxonomy":"post_tag","embeddable":true,"href":"https:\/\/www.granadablogs.com\/juanvida\/wp-json\/wp\/v2\/tags?post=2964"}],"curies":[{"name":"wp","href":"https:\/\/api.w.org\/{rel}","templated":true}]}}