{"id":2941,"date":"2012-02-11T09:40:45","date_gmt":"2012-02-11T07:40:45","guid":{"rendered":"http:\/\/www.granadablogs.com\/juanvida\/?p=2941"},"modified":"2012-02-11T11:52:02","modified_gmt":"2012-02-11T09:52:02","slug":"vida-sobre-ruedas","status":"publish","type":"post","link":"https:\/\/www.granadablogs.com\/juanvida\/2012\/02\/vida-sobre-ruedas\/","title":{"rendered":"VIDA SOBRE RUEDAS"},"content":{"rendered":"<p>En noviembre del a\u00f1o 2000 expuse en la galer\u00eda Sandunga de Granada <em>Vida sobre ruedas<\/em>. Bajo la iron\u00eda del t\u00edtulo se escond\u00eda una serie de pinturas que giraban alrededor del mundo de los autom\u00f3viles y de las carreteras que,\u00a0convertidas en met\u00e1fora del transito por la vida, a veces nos conducen por paisajes secundarios de la memoria.<\/p>\n<p style=\"text-align: right;\">.<\/p>\n<p><img loading=\"lazy\" decoding=\"async\" class=\"alignnone  wp-image-2943\" title=\"POSTAL DE LA HABANA\" src=\"http:\/\/www.granadablogs.com\/juanvida\/wp-content\/uploads\/2012\/02\/POSTAL-DE-LA-HABANA1.jpg\" alt=\"\" width=\"466\" height=\"345\" \/><\/p>\n<p><em>Postal de la Habana<\/em> (2000). T\/M sobre papel. 41 x 55 cm.<\/p>\n<p style=\"text-align: right;\">.<\/p>\n<p><img loading=\"lazy\" decoding=\"async\" class=\"alignnone  wp-image-2948\" title=\"PAISAJE DE LA COSTA DEL SOL\" src=\"http:\/\/www.granadablogs.com\/juanvida\/wp-content\/uploads\/2012\/02\/PAISAJE-DE-LA-COSTA-DEL-SOL2.jpg\" alt=\"\" width=\"465\" height=\"321\" srcset=\"https:\/\/www.granadablogs.com\/juanvida\/wp-content\/uploads\/2012\/02\/PAISAJE-DE-LA-COSTA-DEL-SOL2.jpg 551w, https:\/\/www.granadablogs.com\/juanvida\/wp-content\/uploads\/2012\/02\/PAISAJE-DE-LA-COSTA-DEL-SOL2-450x311.jpg 450w\" sizes=\"auto, (max-width: 465px) 100vw, 465px\" \/><\/p>\n<p><em>Paisaje de la Costa del Sol<\/em> (2000). T\/M sobre papel. 75 x 112 cm.<\/p>\n<p style=\"text-align: right;\">.<\/p>\n<p><img loading=\"lazy\" decoding=\"async\" class=\"alignnone  wp-image-2949\" title=\"paisaje mexicano-1\" src=\"http:\/\/www.granadablogs.com\/juanvida\/wp-content\/uploads\/2012\/02\/paisaje-mexicano-1.jpg\" alt=\"\" width=\"447\" height=\"288\" srcset=\"https:\/\/www.granadablogs.com\/juanvida\/wp-content\/uploads\/2012\/02\/paisaje-mexicano-1.jpg 827w, https:\/\/www.granadablogs.com\/juanvida\/wp-content\/uploads\/2012\/02\/paisaje-mexicano-1-450x290.jpg 450w\" sizes=\"auto, (max-width: 447px) 100vw, 447px\" \/><\/p>\n<p><em>Paisaje mexicano<\/em> (2000). T\/M sobre papel. 75 x 112 cm.<\/p>\n<p style=\"text-align: right;\">.<\/p>\n<p><img loading=\"lazy\" decoding=\"async\" class=\"alignnone  wp-image-2957\" title=\"Salinas\" src=\"http:\/\/www.granadablogs.com\/juanvida\/wp-content\/uploads\/2012\/02\/Salinas1.jpg\" alt=\"\" width=\"445\" height=\"446\" srcset=\"https:\/\/www.granadablogs.com\/juanvida\/wp-content\/uploads\/2012\/02\/Salinas1.jpg 591w, https:\/\/www.granadablogs.com\/juanvida\/wp-content\/uploads\/2012\/02\/Salinas1-300x300.jpg 300w, https:\/\/www.granadablogs.com\/juanvida\/wp-content\/uploads\/2012\/02\/Salinas1-450x451.jpg 450w\" sizes=\"auto, (max-width: 445px) 100vw, 445px\" \/><\/p>\n<p><em>La iglesia de Las Salinas en Cabo de Gata y Volks<\/em>wagen (2000). T\/M sobre papel. 74 x 75 cm.<\/p>\n<p style=\"text-align: right;\">.<\/p>\n<p><img loading=\"lazy\" decoding=\"async\" class=\"alignnone  wp-image-2944\" title=\"SEAT 600\" src=\"http:\/\/www.granadablogs.com\/juanvida\/wp-content\/uploads\/2012\/02\/SEAT-600.jpg\" alt=\"\" width=\"378\" height=\"293\" srcset=\"https:\/\/www.granadablogs.com\/juanvida\/wp-content\/uploads\/2012\/02\/SEAT-600.jpg 591w, https:\/\/www.granadablogs.com\/juanvida\/wp-content\/uploads\/2012\/02\/SEAT-600-450x349.jpg 450w\" sizes=\"auto, (max-width: 378px) 100vw, 378px\" \/><\/p>\n<p><em>Seiscientos de color blanco Corf\u00fa<\/em> (2000). T\/M sobre papel. 30 x 42 cm.<\/p>\n<p style=\"text-align: right;\">.<\/p>\n<p><img loading=\"lazy\" decoding=\"async\" class=\"alignnone  wp-image-2945\" title=\"SEAT 600-2\" src=\"http:\/\/www.granadablogs.com\/juanvida\/wp-content\/uploads\/2012\/02\/SEAT-600-2.jpg\" alt=\"\" width=\"296\" height=\"577\" srcset=\"https:\/\/www.granadablogs.com\/juanvida\/wp-content\/uploads\/2012\/02\/SEAT-600-2.jpg 433w, https:\/\/www.granadablogs.com\/juanvida\/wp-content\/uploads\/2012\/02\/SEAT-600-2-256x500.jpg 256w\" sizes=\"auto, (max-width: 296px) 100vw, 296px\" \/><\/p>\n<p><em>Sombra de oto\u00f1o<\/em> (2000). T\/M sobre papel. 74 x 35 cm.<\/p>\n<p style=\"text-align: right;\">.<\/p>\n<p>&nbsp;<\/p>\n<p>&nbsp;<\/p>\n","protected":false},"excerpt":{"rendered":"<p>En noviembre del a\u00f1o 2000 expuse en la galer\u00eda Sandunga de Granada Vida sobre ruedas. Bajo la iron\u00eda del t\u00edtulo se escond\u00eda una serie de pinturas que giraban alrededor del mundo de los autom\u00f3viles y de las carreteras que,\u00a0convertidas en met\u00e1fora del transito por la vida, a veces nos conducen por paisajes secundarios de la [&hellip;]<\/p>\n","protected":false},"author":1,"featured_media":0,"comment_status":"open","ping_status":"open","sticky":false,"template":"","format":"standard","meta":{"footnotes":""},"categories":[1],"tags":[],"class_list":["post-2941","post","type-post","status-publish","format-standard","hentry","category-general"],"_links":{"self":[{"href":"https:\/\/www.granadablogs.com\/juanvida\/wp-json\/wp\/v2\/posts\/2941","targetHints":{"allow":["GET"]}}],"collection":[{"href":"https:\/\/www.granadablogs.com\/juanvida\/wp-json\/wp\/v2\/posts"}],"about":[{"href":"https:\/\/www.granadablogs.com\/juanvida\/wp-json\/wp\/v2\/types\/post"}],"author":[{"embeddable":true,"href":"https:\/\/www.granadablogs.com\/juanvida\/wp-json\/wp\/v2\/users\/1"}],"replies":[{"embeddable":true,"href":"https:\/\/www.granadablogs.com\/juanvida\/wp-json\/wp\/v2\/comments?post=2941"}],"version-history":[{"count":11,"href":"https:\/\/www.granadablogs.com\/juanvida\/wp-json\/wp\/v2\/posts\/2941\/revisions"}],"predecessor-version":[{"id":2963,"href":"https:\/\/www.granadablogs.com\/juanvida\/wp-json\/wp\/v2\/posts\/2941\/revisions\/2963"}],"wp:attachment":[{"href":"https:\/\/www.granadablogs.com\/juanvida\/wp-json\/wp\/v2\/media?parent=2941"}],"wp:term":[{"taxonomy":"category","embeddable":true,"href":"https:\/\/www.granadablogs.com\/juanvida\/wp-json\/wp\/v2\/categories?post=2941"},{"taxonomy":"post_tag","embeddable":true,"href":"https:\/\/www.granadablogs.com\/juanvida\/wp-json\/wp\/v2\/tags?post=2941"}],"curies":[{"name":"wp","href":"https:\/\/api.w.org\/{rel}","templated":true}]}}