{"id":2922,"date":"2012-02-08T14:38:38","date_gmt":"2012-02-08T12:38:38","guid":{"rendered":"http:\/\/www.granadablogs.com\/juanvida\/?p=2922"},"modified":"2012-02-11T08:47:40","modified_gmt":"2012-02-11T06:47:40","slug":"tiempo-creativo-juegos-recreativos","status":"publish","type":"post","link":"https:\/\/www.granadablogs.com\/juanvida\/2012\/02\/tiempo-creativo-juegos-recreativos\/","title":{"rendered":"TIEMPO CREATIVO, JUEGOS RECREATIVOS"},"content":{"rendered":"<p>En los \u00faltimos a\u00f1os del siglo hab\u00eda conseguido adaptar mis d\u00edas y mis sentidos a la b\u00fasqueda incesante de im\u00e1genes. Pasaba de un trabajo a otro con la seguridad del que hace en cada momento lo que tiene que hacer. Realic\u00e9 las escenograf\u00edas de <em>Mariana Pineda<\/em> de Garc\u00eda Lorca y de <em>La Malquerida<\/em> de Benavente para la compa\u00f1\u00eda de mi hermano Joaqu\u00edn; en marzo de 1999 edit\u00e9 \u201cEleg\u00edas de Juan Vida\u201d, un libro de artista ideado por Teresa Alberti y construido a partes iguales con Luis Garc\u00eda Montero. El libro contiene seis serigraf\u00edas y seis poemas que hablan de los temas recurrentes en mi obra, y se completa con textos de Francisco Brines y de Juan Manuel Bonet; por \u00faltimo, en el transito de 1999 y 2000, estamp\u00e9 en el taller de Clot, Bramsen &amp; Georges de Par\u00eds dos litograf\u00edas encargadas por la ciudad de Niort.<\/p>\n<p>Pero con lo que m\u00e1s me divert\u00ed fue haciendo \u201cesculturas\u201d con materiales encontrados y reconvertidos en faunos, guerreros, p\u00e1jaros, moscas\u2026 Algunas de ellas se expusieron en \u201cNaturaleza alrededor de una habitaci\u00f3n\u201d de la Galer\u00eda Almirante en mayo de\u00a0 2000.<\/p>\n<p>&nbsp;<\/p>\n<p><img loading=\"lazy\" decoding=\"async\" class=\"alignnone  wp-image-2924\" title=\"FAUNO\" src=\"http:\/\/www.granadablogs.com\/juanvida\/wp-content\/uploads\/2012\/02\/FAUNO1.jpg\" alt=\"\" width=\"441\" height=\"458\" srcset=\"https:\/\/www.granadablogs.com\/juanvida\/wp-content\/uploads\/2012\/02\/FAUNO1.jpg 551w, https:\/\/www.granadablogs.com\/juanvida\/wp-content\/uploads\/2012\/02\/FAUNO1-450x467.jpg 450w\" sizes=\"auto, (max-width: 441px) 100vw, 441px\" \/><\/p>\n<p><em>Fauno<\/em>. (1999). Piedra, hierro y acero. 21 x 21 x 14 cm.<\/p>\n<p style=\"text-align: right;\">.<\/p>\n<p><img loading=\"lazy\" decoding=\"async\" class=\"alignnone  wp-image-2926\" title=\"CABEZA-ESCULTURA-1\" src=\"http:\/\/www.granadablogs.com\/juanvida\/wp-content\/uploads\/2012\/02\/CABEZA-ESCULTURA-11.jpg\" alt=\"\" width=\"441\" height=\"559\" srcset=\"https:\/\/www.granadablogs.com\/juanvida\/wp-content\/uploads\/2012\/02\/CABEZA-ESCULTURA-11.jpg 551w, https:\/\/www.granadablogs.com\/juanvida\/wp-content\/uploads\/2012\/02\/CABEZA-ESCULTURA-11-394x500.jpg 394w\" sizes=\"auto, (max-width: 441px) 100vw, 441px\" \/><\/p>\n<p><em>Cabeza<\/em>. (1999). Piedra. 16 x 17 x 10 cm.<\/p>\n<p style=\"text-align: right;\">.<\/p>\n<p><img loading=\"lazy\" decoding=\"async\" class=\"alignnone  wp-image-2928\" title=\"GUERRERO-ESCULTURA-1\" src=\"http:\/\/www.granadablogs.com\/juanvida\/wp-content\/uploads\/2012\/02\/GUERRERO-ESCULTURA-11.jpg\" alt=\"\" width=\"441\" height=\"626\" \/><em><\/em><\/p>\n<p><em>Guerrero. <\/em>(1999). Piedra, hierro y neum\u00e1tico pintado 26 x 19 x 13 cm.<\/p>\n<p style=\"text-align: right;\">.<\/p>\n<p><img loading=\"lazy\" decoding=\"async\" class=\"alignnone  wp-image-2929\" title=\"PAJA\u0301RP CARRETERAS-2\" src=\"http:\/\/www.granadablogs.com\/juanvida\/wp-content\/uploads\/2012\/02\/PAJA\u0301RP-CARRETERAS-2.jpg\" alt=\"\" width=\"485\" height=\"363\" srcset=\"https:\/\/www.granadablogs.com\/juanvida\/wp-content\/uploads\/2012\/02\/PAJA\u0301RP-CARRETERAS-2.jpg 827w, https:\/\/www.granadablogs.com\/juanvida\/wp-content\/uploads\/2012\/02\/PAJA\u0301RP-CARRETERAS-2-450x337.jpg 450w\" sizes=\"auto, (max-width: 485px) 100vw, 485px\" \/><\/p>\n<p><em>P\u00e1jaro de las carreteras<\/em>. (1999). Hierro, madera, piedra y neum\u00e1tico. 42 x 82 x 10 cm.<\/p>\n<p style=\"text-align: right;\">.<\/p>\n<p><img loading=\"lazy\" decoding=\"async\" class=\"alignnone  wp-image-2930\" title=\"PA\u0301JARO DE DOS NATURALEZAS\" src=\"http:\/\/www.granadablogs.com\/juanvida\/wp-content\/uploads\/2012\/02\/PA\u0301JARO-DE-DOS-NATURALEZAS.jpg\" alt=\"\" width=\"383\" height=\"524\" srcset=\"https:\/\/www.granadablogs.com\/juanvida\/wp-content\/uploads\/2012\/02\/PA\u0301JARO-DE-DOS-NATURALEZAS.jpg 551w, https:\/\/www.granadablogs.com\/juanvida\/wp-content\/uploads\/2012\/02\/PA\u0301JARO-DE-DOS-NATURALEZAS-365x500.jpg 365w\" sizes=\"auto, (max-width: 383px) 100vw, 383px\" \/><\/p>\n<p><em>P\u00e1jaro de dos naturalezas<\/em>. (1999). Madera y piedra. 27 x 21 x 7 cm.<\/p>\n<p style=\"text-align: right;\">.<\/p>\n<p><img loading=\"lazy\" decoding=\"async\" class=\"alignnone  wp-image-2931\" title=\"MOSCAS-ESCULTURA-1\" src=\"http:\/\/www.granadablogs.com\/juanvida\/wp-content\/uploads\/2012\/02\/MOSCAS-ESCULTURA-1.jpg\" alt=\"\" width=\"415\" height=\"393\" srcset=\"https:\/\/www.granadablogs.com\/juanvida\/wp-content\/uploads\/2012\/02\/MOSCAS-ESCULTURA-1.jpg 551w, https:\/\/www.granadablogs.com\/juanvida\/wp-content\/uploads\/2012\/02\/MOSCAS-ESCULTURA-1-450x427.jpg 450w\" sizes=\"auto, (max-width: 415px) 100vw, 415px\" \/><\/p>\n<p><em>Moscas<\/em>. (1999). Hierro, pl\u00e1stico, piedra, madera y neum\u00e1tico. 25 x 40 x 20 cm.<\/p>\n<p style=\"text-align: right;\">.<\/p>\n<p>&nbsp;<\/p>\n<p>&nbsp;<\/p>\n","protected":false},"excerpt":{"rendered":"<p>En los \u00faltimos a\u00f1os del siglo hab\u00eda conseguido adaptar mis d\u00edas y mis sentidos a la b\u00fasqueda incesante de im\u00e1genes. Pasaba de un trabajo a otro con la seguridad del que hace en cada momento lo que tiene que hacer. Realic\u00e9 las escenograf\u00edas de Mariana Pineda de Garc\u00eda Lorca y de La Malquerida de Benavente [&hellip;]<\/p>\n","protected":false},"author":1,"featured_media":0,"comment_status":"open","ping_status":"open","sticky":false,"template":"","format":"standard","meta":{"footnotes":""},"categories":[1],"tags":[],"class_list":["post-2922","post","type-post","status-publish","format-standard","hentry","category-general"],"_links":{"self":[{"href":"https:\/\/www.granadablogs.com\/juanvida\/wp-json\/wp\/v2\/posts\/2922","targetHints":{"allow":["GET"]}}],"collection":[{"href":"https:\/\/www.granadablogs.com\/juanvida\/wp-json\/wp\/v2\/posts"}],"about":[{"href":"https:\/\/www.granadablogs.com\/juanvida\/wp-json\/wp\/v2\/types\/post"}],"author":[{"embeddable":true,"href":"https:\/\/www.granadablogs.com\/juanvida\/wp-json\/wp\/v2\/users\/1"}],"replies":[{"embeddable":true,"href":"https:\/\/www.granadablogs.com\/juanvida\/wp-json\/wp\/v2\/comments?post=2922"}],"version-history":[{"count":9,"href":"https:\/\/www.granadablogs.com\/juanvida\/wp-json\/wp\/v2\/posts\/2922\/revisions"}],"predecessor-version":[{"id":2940,"href":"https:\/\/www.granadablogs.com\/juanvida\/wp-json\/wp\/v2\/posts\/2922\/revisions\/2940"}],"wp:attachment":[{"href":"https:\/\/www.granadablogs.com\/juanvida\/wp-json\/wp\/v2\/media?parent=2922"}],"wp:term":[{"taxonomy":"category","embeddable":true,"href":"https:\/\/www.granadablogs.com\/juanvida\/wp-json\/wp\/v2\/categories?post=2922"},{"taxonomy":"post_tag","embeddable":true,"href":"https:\/\/www.granadablogs.com\/juanvida\/wp-json\/wp\/v2\/tags?post=2922"}],"curies":[{"name":"wp","href":"https:\/\/api.w.org\/{rel}","templated":true}]}}