{"id":1644,"date":"2011-02-22T02:05:26","date_gmt":"2011-02-22T00:05:26","guid":{"rendered":"http:\/\/www.granadablogs.com\/juanvida\/?p=1644"},"modified":"2011-02-22T02:10:09","modified_gmt":"2011-02-22T00:10:09","slug":"un-cuento-chino-14","status":"publish","type":"post","link":"https:\/\/www.granadablogs.com\/juanvida\/2011\/02\/un-cuento-chino-14\/","title":{"rendered":"UN CUENTO CHINO, 14"},"content":{"rendered":"<p><a href=\"http:\/\/www.granadablogs.com\/juanvida\/wp-content\/uploads\/2011\/02\/110-1-MINI2.jpg\"><img loading=\"lazy\" decoding=\"async\" class=\"alignleft size-full wp-image-1679\" title=\"110-1-MINI\" src=\"http:\/\/www.granadablogs.com\/juanvida\/wp-content\/uploads\/2011\/02\/110-1-MINI2.jpg\" alt=\"110-1-MINI\" width=\"128\" height=\"142\" \/><\/a><\/p>\n<p>En el valle del Lijiang, la noche m\u00e1s corta del 4702, a\u00f1o del Mono de la Madera, naci\u00f3 una ni\u00f1a a la que llamaron Coral. Seg\u00fan el calendario chino los a\u00f1os regidos por el Mono de la Madera \u2013madera sobre hierro\u2013 son turbulentos y provechosos, como la naturaleza misma del animal que los gobierna y la disonante relaci\u00f3n entre el elemento madera y el elemento metal que la destruye. Cuentan en Oriente que los nacidos bajo \u00e9ste signo son intuitivos, inteligentes, extrovertidos y memoriosos; que saben perdonar, pero\u00a0 no olvidan.<\/p>\n<p>Lejos de<a href=\"http:\/\/www.granadablogs.com\/juanvida\/wp-content\/uploads\/2011\/02\/ORIENTE-MINI1.jpg\"><img loading=\"lazy\" decoding=\"async\" class=\"size-full wp-image-1680 alignleft\" title=\"ORIENTE-MINI\" src=\"http:\/\/www.granadablogs.com\/juanvida\/wp-content\/uploads\/2011\/02\/ORIENTE-MINI1.jpg\" alt=\"ORIENTE-MINI\" width=\"105\" height=\"142\" \/><\/a> aquel valle, en la penumbra de una casa sin d\u00eda, viv\u00eda un equilibrista al que una sombra negra hab\u00eda borrado la risa. Cierta ma\u00f1ana, cuando el Sol encend\u00eda el palacio de la colina roja, una mujer se present\u00f3 ante \u00e9l y le dijo: \u201cOriente\u201d. Despu\u00e9s se\u00f1al\u00f3 un lugar en el aire y fij\u00f3 con puntualidad exacta la hora de una cita.<\/p>\n<p>El equilibrista<a href=\"http:\/\/www.granadablogs.com\/juanvida\/wp-content\/uploads\/2011\/02\/103-1-MINI2.jpg\"><img loading=\"lazy\" decoding=\"async\" class=\"alignleft size-full wp-image-1682\" title=\"103-1-MINI\" src=\"http:\/\/www.granadablogs.com\/juanvida\/wp-content\/uploads\/2011\/02\/103-1-MINI2.jpg\" alt=\"103-1-MINI\" width=\"141\" height=\"142\" \/><\/a> corri\u00f3 sin pausa hacia la salida del Sol, atraves\u00f3 siete aros de fuego por continentes de hielo y tundra, y lleg\u00f3 por fin al valle ardiente de los tigres y el bamb\u00fa.<\/p>\n<p>En los bosques de Nanning cruz\u00f3 su mirada con la de un macaco. Dicen que en el fondo de esos ojos se encuentra nuestro espejo m\u00e1s antiguo, pero lo que aquel hombre vio fue un desprecio feroz y el deseo agazap<a href=\"http:\/\/www.granadablogs.com\/juanvida\/wp-content\/uploads\/2011\/02\/108-1-MINI1.jpg\"><img loading=\"lazy\" decoding=\"async\" class=\"alignleft size-full wp-image-1683\" title=\"108-1-MINI\" src=\"http:\/\/www.granadablogs.com\/juanvida\/wp-content\/uploads\/2011\/02\/108-1-MINI1.jpg\" alt=\"108-1-MINI\" width=\"106\" height=\"142\" \/><\/a>ado de reescribir el comienzo del G\u00e9nesis.<\/p>\n<p>Mientras tanto, cerca de los bosques, en la quietud de cera de un parque dormido, sometido el perro, la memoriosa Coral olvida y espera.<\/p>\n<p>A la hora se\u00f1alada del d\u00eda de la cita, sobre la esfera azul de los astros cardinales, dejando muchedumbres milenarias en el verde esmeralda del r\u00edo, surgi<a href=\"http:\/\/www.granadablogs.com\/juanvida\/wp-content\/uploads\/2011\/02\/111-1-MINI2.jpg\"><img loading=\"lazy\" decoding=\"async\" class=\"alignleft size-full wp-image-1684\" title=\"111-1-MINI\" src=\"http:\/\/www.granadablogs.com\/juanvida\/wp-content\/uploads\/2011\/02\/111-1-MINI2.jpg\" alt=\"111-1-MINI\" width=\"128\" height=\"114\" \/><\/a>\u00f3 luminosa la Estrella de Oriente.<\/p>\n<p>\u2013No tengas miedo, dijo el equilibrista. Te he esperado desde el origen del tiempo para nacer en tu pupila y decir tu nombre. Nada temas \u2013le murmur\u00f3 convincente al o\u00eddo\u2013, subiremos a la Muralla y cruzaremos fugaces el firmament<a href=\"http:\/\/www.granadablogs.com\/juanvida\/wp-content\/uploads\/2011\/02\/112-1-MINI1.jpg\"><img loading=\"lazy\" decoding=\"async\" class=\"alignleft size-full wp-image-1685\" title=\"112-1-MINI\" src=\"http:\/\/www.granadablogs.com\/juanvida\/wp-content\/uploads\/2011\/02\/112-1-MINI1.jpg\" alt=\"112-1-MINI\" width=\"115\" height=\"128\" \/><\/a>o hasta que muera el d\u00eda.<\/p>\n<p>Terminado el viaje, la tom\u00f3 en sus brazos y le fue diciendo: \u2013Ven, \u00e9sta es tu casa. En verano jugar\u00e1s en el amarillo que hay junto a la puerta, y desde las ventanas ver\u00e1s c\u00f3mo los p\u00e1jaros de la ma\u00f1ana despliegan sus alas para alcanzar las ramas m\u00e1s altas. Al principio de uno en uno, des-<a href=\"http:\/\/www.granadablogs.com\/juanvida\/wp-content\/uploads\/2011\/02\/104-1-MINI1.jpg\"><img loading=\"lazy\" decoding=\"async\" class=\"alignleft size-full wp-image-1686\" title=\"104-1-MINI\" src=\"http:\/\/www.granadablogs.com\/juanvida\/wp-content\/uploads\/2011\/02\/104-1-MINI1.jpg\" alt=\"104-1-MINI\" width=\"118\" height=\"142\" \/><\/a>pu\u00e9s en bandadas fren\u00e9ticas se reconocen y agrupan disput\u00e1ndose un lugar desde el que empezar el d\u00eda. Todas las ma\u00f1anas igual: pardillos contra estorninos, mirlos contra vencejos, palomas contra palomas y urracas contra todos. A veces el aire se estremece con la sombra del halc\u00f3n y crece el silencio bajo la envergadura poderosa del \u00e1guila. Al caer la tarde vuelven con estruendo a las ramas m\u00e1s altas, y se reconocen y agrupan disput\u00e1ndose un lugar donde pasar la noche. Los estorninos caen sobre los \u00e1lamos, las grajillas se esconden en las rocas, las urracas acechan los nidos y la calma crece con la oscuridad. Todo vuelve a su sitio, todo queda ordenado en el valle del Genil.<\/p>\n<p>Transcurrid<a href=\"http:\/\/www.granadablogs.com\/juanvida\/wp-content\/uploads\/2011\/02\/102-1-MINI1.jpg\"><img loading=\"lazy\" decoding=\"async\" class=\"alignleft size-full wp-image-1687\" title=\"102-1-MINI\" src=\"http:\/\/www.granadablogs.com\/juanvida\/wp-content\/uploads\/2011\/02\/102-1-MINI1.jpg\" alt=\"102-1-MINI\" width=\"142\" height=\"142\" \/><\/a>o alg\u00fan tiempo, cierto d\u00eda sinti\u00f3 la mano de Coral cobijarse en la suya, y se vio de ni\u00f1o caminar junto a su padre, y una palabra triste se le enred\u00f3 en la garganta.<\/p>\n<p>\u2013En las ma\u00f1anas de oto\u00f1o iremos despacio hasta el colegio y te ense\u00f1ar\u00e9, antes de que aprendas la aritm\u00e9tica del verbo, c\u00f3mo los d\u00edas se acortan en noviembre y c\u00f3mo en marzo brotan las primeras hojas. Que debajo del a<a href=\"http:\/\/www.granadablogs.com\/juanvida\/wp-content\/uploads\/2011\/02\/109-1-MINI1.jpg\"><img loading=\"lazy\" decoding=\"async\" class=\"alignleft size-full wp-image-1688\" title=\"109-1-MINI\" src=\"http:\/\/www.granadablogs.com\/juanvida\/wp-content\/uploads\/2011\/02\/109-1-MINI1.jpg\" alt=\"109-1-MINI\" width=\"115\" height=\"115\" \/><\/a>sfalto que pisamos hay un mosaico con delfines antiguos y una fuente con un grifo de bronce; y acequias que regaron los huertos; y casonas con escudos y patios donde descansaron los amos del mundo; y que muy cerca de all\u00ed, entre los juncos de una tarde amarilla, un hombre joven se conmovi\u00f3 extra\u00f1ado al pensar su propio nombre.<\/p>\n<p>Con el esmero del labrador que abona la tierra, el equilibrista dejaba caer sus palabras.<a href=\"http:\/\/www.granadablogs.com\/juanvida\/wp-content\/uploads\/2011\/02\/105-1-MINI1.jpg\"><img loading=\"lazy\" decoding=\"async\" class=\"alignleft size-full wp-image-1689\" title=\"105-1-MINI\" src=\"http:\/\/www.granadablogs.com\/juanvida\/wp-content\/uploads\/2011\/02\/105-1-MINI1.jpg\" alt=\"105-1-MINI\" width=\"107\" height=\"143\" \/><\/a><\/p>\n<p>\u2013Caminaremos junto al r\u00edo crecido por las lluvias del invierno que arrastran barro y piedras desbordando acequias, anegando huertas y cortando caminos. Te dir\u00e9 que este valle fue una monta\u00f1a por donde la lluvia y la nieve limaron las rocas y sedimentaron el lodo hasta hacerse una cuna por la que llegar al mar. Aprender\u00e1s que los brazos de los p\u00e1jaros se cubrieron de plumas para poder volar, y que los dedos de nuestra mano adaptaron su<a href=\"http:\/\/www.granadablogs.com\/juanvida\/wp-content\/uploads\/2011\/02\/06-1-2-MINI1.jpg\"><img loading=\"lazy\" decoding=\"async\" class=\"alignleft size-full wp-image-1690\" title=\"06-1-2-MINI\" src=\"http:\/\/www.granadablogs.com\/juanvida\/wp-content\/uploads\/2011\/02\/06-1-2-MINI1.jpg\" alt=\"06-1-2-MINI\" width=\"142\" height=\"117\" \/><\/a> forma a la funci\u00f3n de coger las cosas con destreza. Quisiera explicarte, hija m\u00eda, que las leyes primordiales de la materia construyeron el mundo que vemos, pero prefiero que mis palabras calen como la lluvia fina sobre la tierra f\u00e9rtil, y sientas en tu coraz\u00f3n la belleza irrepetible de este atardecer.<\/p>\n<p>\u2013M\u00edrame<a href=\"http:\/\/www.granadablogs.com\/juanvida\/wp-content\/uploads\/2011\/02\/101-1-MINI1.jpg\"><img loading=\"lazy\" decoding=\"async\" class=\"alignleft size-full wp-image-1691\" title=\"101-1-MINI\" src=\"http:\/\/www.granadablogs.com\/juanvida\/wp-content\/uploads\/2011\/02\/101-1-MINI1.jpg\" alt=\"101-1-MINI\" width=\"142\" height=\"142\" \/><\/a>, escucha y no olvides \u2013le previno una sola vez como el que extiende un b\u00e1lsamo o dicta un testamento\u2013. Viajar\u00e1s abrazada a tu historia entre lienzos de oro y mares de seda. Ser\u00e1s Oriente en Occidente.<\/p>\n<p>Despu\u00e9s del invierno, el Sol del equinoccio reparti\u00f3 por igual sus rayos sobre el mundo, devolviendo a los p\u00e1jaros el color de sus plumas, el brillo a los ojos del perro altanero que guardaba el ingenio, el verde a la semilla <a href=\"http:\/\/www.granadablogs.com\/juanvida\/wp-content\/uploads\/2011\/02\/107-1-MINI2.jpg\"><img loading=\"lazy\" decoding=\"async\" class=\"alignleft size-full wp-image-1692\" title=\"107-1-MINI\" src=\"http:\/\/www.granadablogs.com\/juanvida\/wp-content\/uploads\/2011\/02\/107-1-MINI2.jpg\" alt=\"107-1-MINI\" width=\"142\" height=\"117\" \/><\/a>seca, y al agua la vida nueva. Desde el fondo blanco de las curvas del r\u00edo, lleg\u00f3 por fin la primavera.<\/p>\n<p>Un d\u00eda le dijo: ponte seria, y ella pint\u00f3 de oro el \u00e1nimo en penumbra del viejo equilibrista.<\/p>\n","protected":false},"excerpt":{"rendered":"<p>En el valle del Lijiang, la noche m\u00e1s corta del 4702, a\u00f1o del Mono de la Madera, naci\u00f3 una ni\u00f1a a la que llamaron Coral. Seg\u00fan el calendario chino los a\u00f1os regidos por el Mono de la Madera \u2013madera sobre hierro\u2013 son turbulentos y provechosos, como la naturaleza misma del animal que los gobierna y [&hellip;]<\/p>\n","protected":false},"author":1,"featured_media":0,"comment_status":"open","ping_status":"open","sticky":false,"template":"","format":"standard","meta":{"footnotes":""},"categories":[1],"tags":[],"class_list":["post-1644","post","type-post","status-publish","format-standard","hentry","category-general"],"_links":{"self":[{"href":"https:\/\/www.granadablogs.com\/juanvida\/wp-json\/wp\/v2\/posts\/1644","targetHints":{"allow":["GET"]}}],"collection":[{"href":"https:\/\/www.granadablogs.com\/juanvida\/wp-json\/wp\/v2\/posts"}],"about":[{"href":"https:\/\/www.granadablogs.com\/juanvida\/wp-json\/wp\/v2\/types\/post"}],"author":[{"embeddable":true,"href":"https:\/\/www.granadablogs.com\/juanvida\/wp-json\/wp\/v2\/users\/1"}],"replies":[{"embeddable":true,"href":"https:\/\/www.granadablogs.com\/juanvida\/wp-json\/wp\/v2\/comments?post=1644"}],"version-history":[{"count":26,"href":"https:\/\/www.granadablogs.com\/juanvida\/wp-json\/wp\/v2\/posts\/1644\/revisions"}],"predecessor-version":[{"id":1709,"href":"https:\/\/www.granadablogs.com\/juanvida\/wp-json\/wp\/v2\/posts\/1644\/revisions\/1709"}],"wp:attachment":[{"href":"https:\/\/www.granadablogs.com\/juanvida\/wp-json\/wp\/v2\/media?parent=1644"}],"wp:term":[{"taxonomy":"category","embeddable":true,"href":"https:\/\/www.granadablogs.com\/juanvida\/wp-json\/wp\/v2\/categories?post=1644"},{"taxonomy":"post_tag","embeddable":true,"href":"https:\/\/www.granadablogs.com\/juanvida\/wp-json\/wp\/v2\/tags?post=1644"}],"curies":[{"name":"wp","href":"https:\/\/api.w.org\/{rel}","templated":true}]}}