{"id":1608,"date":"2011-02-17T01:04:37","date_gmt":"2011-02-16T23:04:37","guid":{"rendered":"http:\/\/www.granadablogs.com\/juanvida\/?p=1608"},"modified":"2011-02-17T01:04:37","modified_gmt":"2011-02-16T23:04:37","slug":"un-cuento-chino-9","status":"publish","type":"post","link":"https:\/\/www.granadablogs.com\/juanvida\/2011\/02\/un-cuento-chino-9\/","title":{"rendered":"UN CUENTO CHINO, 9"},"content":{"rendered":"<p><a href=\"http:\/\/www.granadablogs.com\/juanvida\/wp-content\/uploads\/2011\/02\/109-11.jpg\"><img loading=\"lazy\" decoding=\"async\" class=\"alignleft size-full wp-image-1611\" title=\"109-1\" src=\"http:\/\/www.granadablogs.com\/juanvida\/wp-content\/uploads\/2011\/02\/109-11.jpg\" alt=\"109-1\" width=\"471\" height=\"471\" srcset=\"https:\/\/www.granadablogs.com\/juanvida\/wp-content\/uploads\/2011\/02\/109-11.jpg 650w, https:\/\/www.granadablogs.com\/juanvida\/wp-content\/uploads\/2011\/02\/109-11-300x300.jpg 300w, https:\/\/www.granadablogs.com\/juanvida\/wp-content\/uploads\/2011\/02\/109-11-450x450.jpg 450w\" sizes=\"auto, (max-width: 471px) 100vw, 471px\" \/><\/a><\/p>\n<p>Transcurrido alg\u00fan tiempo, cierto d\u00eda sinti\u00f3 la mano de Coral cobijarse en la suya, y se vio de ni\u00f1o caminar junto a su padre, y una palabra triste se le enred\u00f3 en la garganta.<br \/>\n\u2013En las ma\u00f1anas de oto\u00f1o iremos despacio hasta el colegio y te ense\u00f1ar\u00e9, antes de que aprendas la aritm\u00e9tica del verbo, c\u00f3mo los d\u00edas se acortan en noviembre y c\u00f3mo en marzo brotan las primeras hojas. Que debajo del asfalto que pisamos hay un mosaico con delfines antiguos y una fuente con un grifo de bronce; y acequias que regaron los huertos; y casonas con escudos y patios donde descansaron los amos del mundo; y que muy cerca de all\u00ed, entre los juncos de una tarde amarilla, un hombre joven se conmovi\u00f3 extra\u00f1ado al pensar su propio nombre.<\/p>\n","protected":false},"excerpt":{"rendered":"<p>Transcurrido alg\u00fan tiempo, cierto d\u00eda sinti\u00f3 la mano de Coral cobijarse en la suya, y se vio de ni\u00f1o caminar junto a su padre, y una palabra triste se le enred\u00f3 en la garganta. \u2013En las ma\u00f1anas de oto\u00f1o iremos despacio hasta el colegio y te ense\u00f1ar\u00e9, antes de que aprendas la aritm\u00e9tica del verbo, [&hellip;]<\/p>\n","protected":false},"author":1,"featured_media":0,"comment_status":"open","ping_status":"open","sticky":false,"template":"","format":"standard","meta":{"footnotes":""},"categories":[1],"tags":[],"class_list":["post-1608","post","type-post","status-publish","format-standard","hentry","category-general"],"_links":{"self":[{"href":"https:\/\/www.granadablogs.com\/juanvida\/wp-json\/wp\/v2\/posts\/1608","targetHints":{"allow":["GET"]}}],"collection":[{"href":"https:\/\/www.granadablogs.com\/juanvida\/wp-json\/wp\/v2\/posts"}],"about":[{"href":"https:\/\/www.granadablogs.com\/juanvida\/wp-json\/wp\/v2\/types\/post"}],"author":[{"embeddable":true,"href":"https:\/\/www.granadablogs.com\/juanvida\/wp-json\/wp\/v2\/users\/1"}],"replies":[{"embeddable":true,"href":"https:\/\/www.granadablogs.com\/juanvida\/wp-json\/wp\/v2\/comments?post=1608"}],"version-history":[{"count":4,"href":"https:\/\/www.granadablogs.com\/juanvida\/wp-json\/wp\/v2\/posts\/1608\/revisions"}],"predecessor-version":[{"id":1702,"href":"https:\/\/www.granadablogs.com\/juanvida\/wp-json\/wp\/v2\/posts\/1608\/revisions\/1702"}],"wp:attachment":[{"href":"https:\/\/www.granadablogs.com\/juanvida\/wp-json\/wp\/v2\/media?parent=1608"}],"wp:term":[{"taxonomy":"category","embeddable":true,"href":"https:\/\/www.granadablogs.com\/juanvida\/wp-json\/wp\/v2\/categories?post=1608"},{"taxonomy":"post_tag","embeddable":true,"href":"https:\/\/www.granadablogs.com\/juanvida\/wp-json\/wp\/v2\/tags?post=1608"}],"curies":[{"name":"wp","href":"https:\/\/api.w.org\/{rel}","templated":true}]}}