{"id":1413,"date":"2011-02-07T14:10:50","date_gmt":"2011-02-07T12:10:50","guid":{"rendered":"http:\/\/www.granadablogs.com\/juanvida\/?p=1413"},"modified":"2011-03-03T15:44:31","modified_gmt":"2011-03-03T13:44:31","slug":"un-cuento-chino","status":"publish","type":"post","link":"https:\/\/www.granadablogs.com\/juanvida\/2011\/02\/un-cuento-chino\/","title":{"rendered":"UN CUENTO CHINO"},"content":{"rendered":"<p>El 16 de marzo pr\u00f3ximo inauguro en la Biblioteca de Andaluc\u00eda, en Granada, una exposici\u00f3n en la que relato con im\u00e1genes y con palabras la experiencia de la adopci\u00f3n de mi hija. La muestra se titula \u201cUn cuento chino\u201d, y se compone de 13 cuadros acompa\u00f1ados por un relato compuesto tambi\u00e9n por 13 fragmentos, en los que he querido contar el viaje de ida y vuelta hacia la paternidad. Un viaje revelador a mi propio pasado y al renovado presente de mi familia. En sucesivas entradas ir\u00e9 descubriendo las im\u00e1genes y los textos hasta completar el relato total. Por supuesto decir que, como siempre, primero fue la pintura quien cont\u00f3 la historia, y despu\u00e9s, de forma casi simultanea, fueron apareciendo en este blog unos textos que describ\u00edan la misma historia que los cuadros, y que se abrazaron a ellos para contar a dos voces el mismo cuento. Por vez primera en muchos a\u00f1os las obras expuestas representan justo lo que necesitaba pintar, lo que quer\u00eda revelarme a mi mismo, y lo que quer\u00eda contarle al mundo.<br \/>\nLa imagen que aqu\u00ed aparece es la de la portada del cat\u00e1logo.<a href=\"http:\/\/www.granadablogs.com\/juanvida\/wp-content\/uploads\/2011\/02\/UN-CUENTO-CHINO8.jpg\"><img loading=\"lazy\" decoding=\"async\" class=\"alignleft size-full wp-image-1500\" title=\"UN-CUENTO-CHINO\" src=\"http:\/\/www.granadablogs.com\/juanvida\/wp-content\/uploads\/2011\/02\/UN-CUENTO-CHINO8.jpg\" alt=\"UN-CUENTO-CHINO\" width=\"448\" height=\"586\" \/><\/a><\/p>\n","protected":false},"excerpt":{"rendered":"<p>El 16 de marzo pr\u00f3ximo inauguro en la Biblioteca de Andaluc\u00eda, en Granada, una exposici\u00f3n en la que relato con im\u00e1genes y con palabras la experiencia de la adopci\u00f3n de mi hija. La muestra se titula \u201cUn cuento chino\u201d, y se compone de 13 cuadros acompa\u00f1ados por un relato compuesto tambi\u00e9n por 13 fragmentos, en [&hellip;]<\/p>\n","protected":false},"author":1,"featured_media":0,"comment_status":"open","ping_status":"open","sticky":false,"template":"","format":"standard","meta":{"footnotes":""},"categories":[1],"tags":[],"class_list":["post-1413","post","type-post","status-publish","format-standard","hentry","category-general"],"_links":{"self":[{"href":"https:\/\/www.granadablogs.com\/juanvida\/wp-json\/wp\/v2\/posts\/1413","targetHints":{"allow":["GET"]}}],"collection":[{"href":"https:\/\/www.granadablogs.com\/juanvida\/wp-json\/wp\/v2\/posts"}],"about":[{"href":"https:\/\/www.granadablogs.com\/juanvida\/wp-json\/wp\/v2\/types\/post"}],"author":[{"embeddable":true,"href":"https:\/\/www.granadablogs.com\/juanvida\/wp-json\/wp\/v2\/users\/1"}],"replies":[{"embeddable":true,"href":"https:\/\/www.granadablogs.com\/juanvida\/wp-json\/wp\/v2\/comments?post=1413"}],"version-history":[{"count":10,"href":"https:\/\/www.granadablogs.com\/juanvida\/wp-json\/wp\/v2\/posts\/1413\/revisions"}],"predecessor-version":[{"id":1710,"href":"https:\/\/www.granadablogs.com\/juanvida\/wp-json\/wp\/v2\/posts\/1413\/revisions\/1710"}],"wp:attachment":[{"href":"https:\/\/www.granadablogs.com\/juanvida\/wp-json\/wp\/v2\/media?parent=1413"}],"wp:term":[{"taxonomy":"category","embeddable":true,"href":"https:\/\/www.granadablogs.com\/juanvida\/wp-json\/wp\/v2\/categories?post=1413"},{"taxonomy":"post_tag","embeddable":true,"href":"https:\/\/www.granadablogs.com\/juanvida\/wp-json\/wp\/v2\/tags?post=1413"}],"curies":[{"name":"wp","href":"https:\/\/api.w.org\/{rel}","templated":true}]}}