{"id":1344,"date":"2010-12-04T13:38:03","date_gmt":"2010-12-04T11:38:03","guid":{"rendered":"http:\/\/www.granadablogs.com\/juanvida\/?p=1344"},"modified":"2010-12-04T18:26:06","modified_gmt":"2010-12-04T16:26:06","slug":"conversacion-generacional","status":"publish","type":"post","link":"https:\/\/www.granadablogs.com\/juanvida\/2010\/12\/conversacion-generacional\/","title":{"rendered":"CONVERSACI\u00d3N GENERACIONAL"},"content":{"rendered":"<p>Me encuentro por la calle con Jes\u00fas Zurita, un artista joven y maduro, due\u00f1o de un mundo propio y de una mano de pintor exuberante. Hablamos un rato de pintura, ese lenguaje antiguo que algunos obstinados seguimos empe\u00f1ados en usar. Hubo un tiempo en que la din\u00e1mica equivocadamente vanguardista forzaba a tomar posturas excluyentes, y los reci\u00e9n llegados ten\u00edan la obligaci\u00f3n de negar a los que ya estaban all\u00ed. El resultado fue la b\u00fasqueda normalizada de lo nuevo como presupuesto te\u00f3rico de obligado cumplimiento, dando lugar a la multiplicaci\u00f3n de formas y medios expresivos, y a una democratizaci\u00f3n de la pr\u00e1ctica y disfrute del arte sin precedentes. Pero, a veces, tambi\u00e9n engendr\u00f3 el extrav\u00edo hacia la ocurrencia novedosa, y a la transformaci\u00f3n de la juventud en g\u00e9nero art\u00edstico. Por fortuna \u00e9sta mec\u00e1nica remiti\u00f3 y uno puede dejar al veterano Cayetano An\u00edbal grabando felizmente en su taller, para encontrarse unos metros m\u00e1s abajo con el joven Jes\u00fas Zurita y hablar de pintura, esa capa de pigmento que cubre las superficies como un signo primitivo. Forma y contenido indisociables con los que los hombres se contaron un d\u00eda que los bisontes galopaban por las praderas, convertidos ya en todos los bisontes por los siglos de los siglos.<br \/>\nMe cuenta Zurita que hay alumnos de Bellas Artes que no entienden la pintura. Que a fuerza de buscar el impacto de la imagen o el urinario de Duchamp se olvidaron del signo pl\u00e1stico. Alguien dej\u00f3 de ense\u00f1arles que la pintura es imagen y forma indisolublemente unidos, que no se puede separar lo uno de lo otro, del mismo modo que el avi\u00f3n en vuelo no se puede disociar de su propio vuelo (Andr\u00e9 Malreaux). Un cuadro no es su reproducci\u00f3n impresa, ni su imagen virtual en la computadora. Es un objeto material que mide y pesa, y que tienen una superficie por donde la pintura va dejando su huella significante, unas veces recreando la ilusi\u00f3n \u00f3ptica de una venus ante el espejo y otras nombr\u00e1ndose a s\u00ed misma en el rojo de un cuadro de Rothko.<\/p>\n","protected":false},"excerpt":{"rendered":"<p>Me encuentro por la calle con Jes\u00fas Zurita, un artista joven y maduro, due\u00f1o de un mundo propio y de una mano de pintor exuberante. Hablamos un rato de pintura, ese lenguaje antiguo que algunos obstinados seguimos empe\u00f1ados en usar. Hubo un tiempo en que la din\u00e1mica equivocadamente vanguardista forzaba a tomar posturas excluyentes, y [&hellip;]<\/p>\n","protected":false},"author":1,"featured_media":0,"comment_status":"open","ping_status":"open","sticky":false,"template":"","format":"standard","meta":{"footnotes":""},"categories":[1],"tags":[],"class_list":["post-1344","post","type-post","status-publish","format-standard","hentry","category-general"],"_links":{"self":[{"href":"https:\/\/www.granadablogs.com\/juanvida\/wp-json\/wp\/v2\/posts\/1344","targetHints":{"allow":["GET"]}}],"collection":[{"href":"https:\/\/www.granadablogs.com\/juanvida\/wp-json\/wp\/v2\/posts"}],"about":[{"href":"https:\/\/www.granadablogs.com\/juanvida\/wp-json\/wp\/v2\/types\/post"}],"author":[{"embeddable":true,"href":"https:\/\/www.granadablogs.com\/juanvida\/wp-json\/wp\/v2\/users\/1"}],"replies":[{"embeddable":true,"href":"https:\/\/www.granadablogs.com\/juanvida\/wp-json\/wp\/v2\/comments?post=1344"}],"version-history":[{"count":7,"href":"https:\/\/www.granadablogs.com\/juanvida\/wp-json\/wp\/v2\/posts\/1344\/revisions"}],"predecessor-version":[{"id":1351,"href":"https:\/\/www.granadablogs.com\/juanvida\/wp-json\/wp\/v2\/posts\/1344\/revisions\/1351"}],"wp:attachment":[{"href":"https:\/\/www.granadablogs.com\/juanvida\/wp-json\/wp\/v2\/media?parent=1344"}],"wp:term":[{"taxonomy":"category","embeddable":true,"href":"https:\/\/www.granadablogs.com\/juanvida\/wp-json\/wp\/v2\/categories?post=1344"},{"taxonomy":"post_tag","embeddable":true,"href":"https:\/\/www.granadablogs.com\/juanvida\/wp-json\/wp\/v2\/tags?post=1344"}],"curies":[{"name":"wp","href":"https:\/\/api.w.org\/{rel}","templated":true}]}}