{"id":1197,"date":"2009-12-05T09:21:17","date_gmt":"2009-12-05T07:21:17","guid":{"rendered":"http:\/\/www.granadablogs.com\/juanvida\/?p=1197"},"modified":"2009-12-05T09:21:17","modified_gmt":"2009-12-05T07:21:17","slug":"del-deseo-a-la-realidad","status":"publish","type":"post","link":"https:\/\/www.granadablogs.com\/juanvida\/2009\/12\/del-deseo-a-la-realidad\/","title":{"rendered":"DEL DESEO A LA REALIDAD"},"content":{"rendered":"<p>Hay dos cuadros de los que pint\u00e9 siendo ni\u00f1o, una marina con barcos de vela y el retrato de un viejo con sombrero, en los que reconozco una manera de aplicar el color y un movimiento del pincel que han perdurado en mi obra a lo largo de m\u00e1s de cuarenta a\u00f1os de dialogo con la pintura. Se podr\u00eda decir que en esos cuadros ya estaba conformado un m\u00e9todo constructivo, un \u201cuso de raz\u00f3n pl\u00e1stica\u201d presente en mi obra desde entonces. Cuando los miro me pregunto si no habr\u00e9 estado pintando siempre el mismo cuadro, viajando por una espiral el\u00edptica alrededor de un punto de partida, de tal forma que en la medida que mis pasos avanzaban, se iban acercando al punto de salida, para desde all\u00ed comenzar de nuevo el parad\u00f3jico ciclo de alejarse volviendo.<br \/>\nEste recorrido en espiral el\u00edptica ha estado acompa\u00f1ado por otro movimiento oscilante entre la pintura sustentada en la capacidad significativa de la materia y la que tiene en la l\u00ednea y la idea su raz\u00f3n de ser, provocando en mi obra un debate insoluble entre lo que quer\u00eda pintar y lo que terminaba pintando. Pero esto, lejos de verse como el relato de un fracaso continuado, se ha de leer como lo constitutivo de la creaci\u00f3n art\u00edstica, ya que justo en el trayecto que va del deseo a la realidad es en donde se produce el encuentro del artista con la materia y la consecuente transformaci\u00f3n de esta en signo art\u00edstico.<br \/>\nNo se si ocurrir\u00e1 igual en otras profesiones, o si es que el empuje de regreso a los or\u00edgenes es inherente a la vida misma, pero tengo la impresi\u00f3n de viajar obstinadamente por un camino en el que cada paso que doy me aleja y me acerca al punto de salida, desde donde vuelvo a emprender de nuevo la hu\u00edda que me va devolviendo al punto de partida, por el que paso de largo para emprender de nuevo la hu\u00edda\u2026<\/p>\n","protected":false},"excerpt":{"rendered":"<p>Hay dos cuadros de los que pint\u00e9 siendo ni\u00f1o, una marina con barcos de vela y el retrato de un viejo con sombrero, en los que reconozco una manera de aplicar el color y un movimiento del pincel que han perdurado en mi obra a lo largo de m\u00e1s de cuarenta a\u00f1os de dialogo con [&hellip;]<\/p>\n","protected":false},"author":1,"featured_media":0,"comment_status":"open","ping_status":"open","sticky":false,"template":"","format":"standard","meta":{"footnotes":""},"categories":[1],"tags":[],"class_list":["post-1197","post","type-post","status-publish","format-standard","hentry","category-general"],"_links":{"self":[{"href":"https:\/\/www.granadablogs.com\/juanvida\/wp-json\/wp\/v2\/posts\/1197","targetHints":{"allow":["GET"]}}],"collection":[{"href":"https:\/\/www.granadablogs.com\/juanvida\/wp-json\/wp\/v2\/posts"}],"about":[{"href":"https:\/\/www.granadablogs.com\/juanvida\/wp-json\/wp\/v2\/types\/post"}],"author":[{"embeddable":true,"href":"https:\/\/www.granadablogs.com\/juanvida\/wp-json\/wp\/v2\/users\/1"}],"replies":[{"embeddable":true,"href":"https:\/\/www.granadablogs.com\/juanvida\/wp-json\/wp\/v2\/comments?post=1197"}],"version-history":[{"count":2,"href":"https:\/\/www.granadablogs.com\/juanvida\/wp-json\/wp\/v2\/posts\/1197\/revisions"}],"predecessor-version":[{"id":1199,"href":"https:\/\/www.granadablogs.com\/juanvida\/wp-json\/wp\/v2\/posts\/1197\/revisions\/1199"}],"wp:attachment":[{"href":"https:\/\/www.granadablogs.com\/juanvida\/wp-json\/wp\/v2\/media?parent=1197"}],"wp:term":[{"taxonomy":"category","embeddable":true,"href":"https:\/\/www.granadablogs.com\/juanvida\/wp-json\/wp\/v2\/categories?post=1197"},{"taxonomy":"post_tag","embeddable":true,"href":"https:\/\/www.granadablogs.com\/juanvida\/wp-json\/wp\/v2\/tags?post=1197"}],"curies":[{"name":"wp","href":"https:\/\/api.w.org\/{rel}","templated":true}]}}