{"id":1154,"date":"2009-11-24T18:44:36","date_gmt":"2009-11-24T16:44:36","guid":{"rendered":"http:\/\/www.granadablogs.com\/juanvida\/?p=1154"},"modified":"2009-11-25T23:53:57","modified_gmt":"2009-11-25T21:53:57","slug":"el-nacimiento-de-la-primavera","status":"publish","type":"post","link":"https:\/\/www.granadablogs.com\/juanvida\/2009\/11\/el-nacimiento-de-la-primavera\/","title":{"rendered":"EL NACIMIENTO DE LA PRIMAVERA"},"content":{"rendered":"<p>Despu\u00e9s del invierno, el sol del equinoccio reparti\u00f3 por igual sus rayos sobre el mundo, devolviendo a los p\u00e1jaros el color de sus plumas, el brillo a los ojos del perro altanero que guarda el ingenio, el verde a la semilla seca, y al agua la vida nueva. Desde el fondo blanco de las curvas del r\u00edo, lleg\u00f3 por fin la primavera.<\/p>\n<p style=\"text-align: center;\"><img loading=\"lazy\" decoding=\"async\" class=\"aligncenter size-full wp-image-1156\" title=\"nacimiento_primavera\" src=\"http:\/\/www.granadablogs.com\/juanvida\/wp-content\/uploads\/2009\/11\/nacimiento_primavera.jpg\" alt=\"nacimiento_primavera\" width=\"461\" height=\"462\" srcset=\"https:\/\/www.granadablogs.com\/juanvida\/wp-content\/uploads\/2009\/11\/nacimiento_primavera.jpg 598w, https:\/\/www.granadablogs.com\/juanvida\/wp-content\/uploads\/2009\/11\/nacimiento_primavera-150x150.jpg 150w, https:\/\/www.granadablogs.com\/juanvida\/wp-content\/uploads\/2009\/11\/nacimiento_primavera-299x300.jpg 299w\" sizes=\"auto, (max-width: 461px) 100vw, 461px\" \/><\/p>\n<p style=\"text-align: center;\">\u00abEl nacimiento de la primavera\u00bb. (2008). T\u00e9cnica mixta sobre lienzo. 195&#215;195 cm.<\/p>\n","protected":false},"excerpt":{"rendered":"<p>Despu\u00e9s del invierno, el sol del equinoccio reparti\u00f3 por igual sus rayos sobre el mundo, devolviendo a los p\u00e1jaros el color de sus plumas, el brillo a los ojos del perro altanero que guarda el ingenio, el verde a la semilla seca, y al agua la vida nueva. Desde el fondo blanco de las curvas [&hellip;]<\/p>\n","protected":false},"author":1,"featured_media":0,"comment_status":"open","ping_status":"open","sticky":false,"template":"","format":"standard","meta":{"footnotes":""},"categories":[1],"tags":[],"class_list":["post-1154","post","type-post","status-publish","format-standard","hentry","category-general"],"_links":{"self":[{"href":"https:\/\/www.granadablogs.com\/juanvida\/wp-json\/wp\/v2\/posts\/1154","targetHints":{"allow":["GET"]}}],"collection":[{"href":"https:\/\/www.granadablogs.com\/juanvida\/wp-json\/wp\/v2\/posts"}],"about":[{"href":"https:\/\/www.granadablogs.com\/juanvida\/wp-json\/wp\/v2\/types\/post"}],"author":[{"embeddable":true,"href":"https:\/\/www.granadablogs.com\/juanvida\/wp-json\/wp\/v2\/users\/1"}],"replies":[{"embeddable":true,"href":"https:\/\/www.granadablogs.com\/juanvida\/wp-json\/wp\/v2\/comments?post=1154"}],"version-history":[{"count":10,"href":"https:\/\/www.granadablogs.com\/juanvida\/wp-json\/wp\/v2\/posts\/1154\/revisions"}],"predecessor-version":[{"id":1165,"href":"https:\/\/www.granadablogs.com\/juanvida\/wp-json\/wp\/v2\/posts\/1154\/revisions\/1165"}],"wp:attachment":[{"href":"https:\/\/www.granadablogs.com\/juanvida\/wp-json\/wp\/v2\/media?parent=1154"}],"wp:term":[{"taxonomy":"category","embeddable":true,"href":"https:\/\/www.granadablogs.com\/juanvida\/wp-json\/wp\/v2\/categories?post=1154"},{"taxonomy":"post_tag","embeddable":true,"href":"https:\/\/www.granadablogs.com\/juanvida\/wp-json\/wp\/v2\/tags?post=1154"}],"curies":[{"name":"wp","href":"https:\/\/api.w.org\/{rel}","templated":true}]}}