{"id":1079,"date":"2009-10-16T14:31:43","date_gmt":"2009-10-16T12:31:43","guid":{"rendered":"http:\/\/www.granadablogs.com\/juanvida\/?p=1079"},"modified":"2009-10-16T19:33:28","modified_gmt":"2009-10-16T17:33:28","slug":"verte-como-los-demas-te-ven","status":"publish","type":"post","link":"https:\/\/www.granadablogs.com\/juanvida\/2009\/10\/verte-como-los-demas-te-ven\/","title":{"rendered":"VERTE COMO LOS DEM\u00c1S TE VEN"},"content":{"rendered":"<p>16 de octubre de 2009<\/p>\n<p>Esta ma\u00f1ana me he cruzado con un rockabilly de reglamento que luc\u00eda un airoso tup\u00e9 empavonado en bucles deshilados hacia atr\u00e1s que a duras penas le cubr\u00edan la calva celtib\u00e9rica y traidora. Lo he imaginado confortablemente instalado en sus d\u00edas de gloria, tramitando el paso por los a\u00f1os, a la espera de que, en la noche febril del s\u00e1bado menos pensado, se volviera a proclamar el triunfo planetario de la brillantina. Este moderno pret\u00e9rito me ha recordado a mi amigo Javier, que vest\u00eda pantalones de campana cuando en las calles reinaba el pantal\u00f3n de tubo, y se cambiaba al de tubo cuando a los escaparates volv\u00eda el de campana. Nunca supimos en qu\u00e9 tiendas los compraba ni tampoco de d\u00f3nde sal\u00edan aquellos chalecos imposibles con los que completaba su peculiar ali\u00f1o indumentario.<\/p>\n<p>Las modas, como los a\u00f1os, nos uniforman en casilleros generacionales bien compartimentados. As\u00ed, al igual que los hermanos acaban pareci\u00e9ndose al llegar a viejos, los individuos de una misma generaci\u00f3n acaban hermanados por la estratificaci\u00f3n de modas y modales, con un patr\u00f3n que les distingue y define. Cuando conoc\u00ed a Francisco Ayala le encontr\u00e9 un gran parecido con mi padre a pesar de que\u00a0 objetivamente no existiera tal semejanza. Lo que ocurr\u00eda es que, habiendo nacido en el mismo a\u00f1o y en la misma ciudad, compart\u00edan un mismo modelo generacional que les reg\u00eda desde el corte de pelo a las normas de cortes\u00eda.<\/p>\n<p>No es f\u00e1cil pensarse a s\u00ed mismo, ni tampoco verse como los dem\u00e1s te ven.<\/p>\n<p>Paso junto a conocidos de mi edad y me alarmo de las marcas que el tiempo ha dejado en sus cuerpos, resisti\u00e9ndome a ser uno de ellos. \u2013Qu\u00e9 mayores est\u00e1n, me digo mientras en la prensa leo que vuelve la moda rockabilly a las pasarelas.<\/p>\n","protected":false},"excerpt":{"rendered":"<p>16 de octubre de 2009 Esta ma\u00f1ana me he cruzado con un rockabilly de reglamento que luc\u00eda un airoso tup\u00e9 empavonado en bucles deshilados hacia atr\u00e1s que a duras penas le cubr\u00edan la calva celtib\u00e9rica y traidora. Lo he imaginado confortablemente instalado en sus d\u00edas de gloria, tramitando el paso por los a\u00f1os, a la [&hellip;]<\/p>\n","protected":false},"author":1,"featured_media":0,"comment_status":"open","ping_status":"open","sticky":false,"template":"","format":"standard","meta":{"footnotes":""},"categories":[1],"tags":[],"class_list":["post-1079","post","type-post","status-publish","format-standard","hentry","category-general"],"_links":{"self":[{"href":"https:\/\/www.granadablogs.com\/juanvida\/wp-json\/wp\/v2\/posts\/1079","targetHints":{"allow":["GET"]}}],"collection":[{"href":"https:\/\/www.granadablogs.com\/juanvida\/wp-json\/wp\/v2\/posts"}],"about":[{"href":"https:\/\/www.granadablogs.com\/juanvida\/wp-json\/wp\/v2\/types\/post"}],"author":[{"embeddable":true,"href":"https:\/\/www.granadablogs.com\/juanvida\/wp-json\/wp\/v2\/users\/1"}],"replies":[{"embeddable":true,"href":"https:\/\/www.granadablogs.com\/juanvida\/wp-json\/wp\/v2\/comments?post=1079"}],"version-history":[{"count":6,"href":"https:\/\/www.granadablogs.com\/juanvida\/wp-json\/wp\/v2\/posts\/1079\/revisions"}],"predecessor-version":[{"id":1082,"href":"https:\/\/www.granadablogs.com\/juanvida\/wp-json\/wp\/v2\/posts\/1079\/revisions\/1082"}],"wp:attachment":[{"href":"https:\/\/www.granadablogs.com\/juanvida\/wp-json\/wp\/v2\/media?parent=1079"}],"wp:term":[{"taxonomy":"category","embeddable":true,"href":"https:\/\/www.granadablogs.com\/juanvida\/wp-json\/wp\/v2\/categories?post=1079"},{"taxonomy":"post_tag","embeddable":true,"href":"https:\/\/www.granadablogs.com\/juanvida\/wp-json\/wp\/v2\/tags?post=1079"}],"curies":[{"name":"wp","href":"https:\/\/api.w.org\/{rel}","templated":true}]}}