{"id":1040,"date":"2009-09-23T17:41:14","date_gmt":"2009-09-23T15:41:14","guid":{"rendered":"http:\/\/www.granadablogs.com\/juanvida\/?p=1040"},"modified":"2009-10-30T20:46:50","modified_gmt":"2009-10-30T18:46:50","slug":"maria-y-jesus-en-vigo","status":"publish","type":"post","link":"https:\/\/www.granadablogs.com\/juanvida\/2009\/09\/maria-y-jesus-en-vigo\/","title":{"rendered":"MAR\u00cdA Y JES\u00daS EN VIGO"},"content":{"rendered":"<p style=\"text-align: center;\"><img loading=\"lazy\" decoding=\"async\" class=\"aligncenter size-full wp-image-1045\" title=\"MAR\u00cdA Y JES\u00daS EN VIGO\" src=\"http:\/\/www.granadablogs.com\/juanvida\/wp-content\/uploads\/2009\/09\/MAR\u00cdA-Y-JES\u00daS-EN-VIGO1.jpg\" alt=\"MAR\u00cdA Y JES\u00daS EN VIGO\" width=\"409\" height=\"409\" srcset=\"https:\/\/www.granadablogs.com\/juanvida\/wp-content\/uploads\/2009\/09\/MAR\u00cdA-Y-JES\u00daS-EN-VIGO1.jpg 454w, https:\/\/www.granadablogs.com\/juanvida\/wp-content\/uploads\/2009\/09\/MAR\u00cdA-Y-JES\u00daS-EN-VIGO1-150x150.jpg 150w, https:\/\/www.granadablogs.com\/juanvida\/wp-content\/uploads\/2009\/09\/MAR\u00cdA-Y-JES\u00daS-EN-VIGO1-300x300.jpg 300w\" sizes=\"auto, (max-width: 409px) 100vw, 409px\" \/>23 de septiembre de 2009<\/p>\n<p>Este fue el cuadro que ced\u00ed para la exposici\u00f3n de hace dos a\u00f1os de \u201cLa m\u00e1s elegante del invernadero\u201d. Su t\u00edtulo es \u201cMar\u00eda y Jes\u00fas en Vigo\u201d y lo pint\u00e9 en 2003. El texto que hice para acompa\u00f1ar la reproducci\u00f3n del cat\u00e1logo fue este:<\/p>\n<p>\u201cUna mujer lleva en brazos a un ni\u00f1o con los ojos de haber llorado. Ella, ocultando su rostro, parece querer irse del cuadro. La escena no es real, s\u00f3lo apariencia de lo real. Evocaci\u00f3n propiciatoria de un deseo.<\/p>\n<p>La representaci\u00f3n de Mar\u00eda y Jes\u00fas en sus innumerables peripecias vitales ha servido de modelo can\u00f3nico de la mujer en el universo cat\u00f3lico. La maternidad como realizaci\u00f3n biol\u00f3gica y social. El sacrificio como redenci\u00f3n de la culpa original que ocasion\u00f3 la primera mujer, en palabras de los hombres.\u201d<\/p>\n<p>\u201cMar\u00eda y Jes\u00fas en Vigo\u201d (2003). T\u00e9cnica mixta sobre madera. 100 x 100 cm.<\/p>\n","protected":false},"excerpt":{"rendered":"<p>23 de septiembre de 2009 Este fue el cuadro que ced\u00ed para la exposici\u00f3n de hace dos a\u00f1os de \u201cLa m\u00e1s elegante del invernadero\u201d. Su t\u00edtulo es \u201cMar\u00eda y Jes\u00fas en Vigo\u201d y lo pint\u00e9 en 2003. El texto que hice para acompa\u00f1ar la reproducci\u00f3n del cat\u00e1logo fue este: \u201cUna mujer lleva en brazos a [&hellip;]<\/p>\n","protected":false},"author":1,"featured_media":0,"comment_status":"open","ping_status":"open","sticky":false,"template":"","format":"standard","meta":{"footnotes":""},"categories":[1],"tags":[],"class_list":["post-1040","post","type-post","status-publish","format-standard","hentry","category-general"],"_links":{"self":[{"href":"https:\/\/www.granadablogs.com\/juanvida\/wp-json\/wp\/v2\/posts\/1040","targetHints":{"allow":["GET"]}}],"collection":[{"href":"https:\/\/www.granadablogs.com\/juanvida\/wp-json\/wp\/v2\/posts"}],"about":[{"href":"https:\/\/www.granadablogs.com\/juanvida\/wp-json\/wp\/v2\/types\/post"}],"author":[{"embeddable":true,"href":"https:\/\/www.granadablogs.com\/juanvida\/wp-json\/wp\/v2\/users\/1"}],"replies":[{"embeddable":true,"href":"https:\/\/www.granadablogs.com\/juanvida\/wp-json\/wp\/v2\/comments?post=1040"}],"version-history":[{"count":5,"href":"https:\/\/www.granadablogs.com\/juanvida\/wp-json\/wp\/v2\/posts\/1040\/revisions"}],"predecessor-version":[{"id":1124,"href":"https:\/\/www.granadablogs.com\/juanvida\/wp-json\/wp\/v2\/posts\/1040\/revisions\/1124"}],"wp:attachment":[{"href":"https:\/\/www.granadablogs.com\/juanvida\/wp-json\/wp\/v2\/media?parent=1040"}],"wp:term":[{"taxonomy":"category","embeddable":true,"href":"https:\/\/www.granadablogs.com\/juanvida\/wp-json\/wp\/v2\/categories?post=1040"},{"taxonomy":"post_tag","embeddable":true,"href":"https:\/\/www.granadablogs.com\/juanvida\/wp-json\/wp\/v2\/tags?post=1040"}],"curies":[{"name":"wp","href":"https:\/\/api.w.org\/{rel}","templated":true}]}}