{"id":1033,"date":"2009-09-17T12:26:24","date_gmt":"2009-09-17T10:26:24","guid":{"rendered":"http:\/\/www.granadablogs.com\/juanvida\/?p=1033"},"modified":"2009-10-30T19:55:07","modified_gmt":"2009-10-30T17:55:07","slug":"ponte-seria","status":"publish","type":"post","link":"https:\/\/www.granadablogs.com\/juanvida\/2009\/09\/ponte-seria\/","title":{"rendered":"PONTE SERIA"},"content":{"rendered":"<p><img loading=\"lazy\" decoding=\"async\" class=\"alignleft size-full wp-image-1035\" title=\"LE DIJE PONTE SERIA-2\" src=\"http:\/\/www.granadablogs.com\/juanvida\/wp-content\/uploads\/2009\/09\/LE-DIJE-PONTE-SERIA-2.jpg\" alt=\"LE DIJE PONTE SERIA-2\" width=\"427\" height=\"361\" \/>17 de septiembre de 2009<\/p>\n<p>Este es uno de mis \u00faltimos cuadros. Lleva por t\u00edtulo \u201cPonte seria\u201d.<\/p>\n<p>Para el cat\u00e1logo de la exposici\u00f3n \u201cLa m\u00e1s elegante del invernadero\u201d me pidieron que escribiera algo sobre \u00e9l. S\u00f3lo se me ocurri\u00f3 esta frase:<\/p>\n<p>\u201cLe dije: ponte seria, y pint\u00f3 de oro el \u00e1nimo en penumbra del viejo equilibrista\u201d.<\/p>\n","protected":false},"excerpt":{"rendered":"<p>17 de septiembre de 2009 Este es uno de mis \u00faltimos cuadros. Lleva por t\u00edtulo \u201cPonte seria\u201d. Para el cat\u00e1logo de la exposici\u00f3n \u201cLa m\u00e1s elegante del invernadero\u201d me pidieron que escribiera algo sobre \u00e9l. S\u00f3lo se me ocurri\u00f3 esta frase: \u201cLe dije: ponte seria, y pint\u00f3 de oro el \u00e1nimo en penumbra del viejo [&hellip;]<\/p>\n","protected":false},"author":1,"featured_media":0,"comment_status":"open","ping_status":"open","sticky":false,"template":"","format":"standard","meta":{"footnotes":""},"categories":[1],"tags":[],"class_list":["post-1033","post","type-post","status-publish","format-standard","hentry","category-general"],"_links":{"self":[{"href":"https:\/\/www.granadablogs.com\/juanvida\/wp-json\/wp\/v2\/posts\/1033","targetHints":{"allow":["GET"]}}],"collection":[{"href":"https:\/\/www.granadablogs.com\/juanvida\/wp-json\/wp\/v2\/posts"}],"about":[{"href":"https:\/\/www.granadablogs.com\/juanvida\/wp-json\/wp\/v2\/types\/post"}],"author":[{"embeddable":true,"href":"https:\/\/www.granadablogs.com\/juanvida\/wp-json\/wp\/v2\/users\/1"}],"replies":[{"embeddable":true,"href":"https:\/\/www.granadablogs.com\/juanvida\/wp-json\/wp\/v2\/comments?post=1033"}],"version-history":[{"count":8,"href":"https:\/\/www.granadablogs.com\/juanvida\/wp-json\/wp\/v2\/posts\/1033\/revisions"}],"predecessor-version":[{"id":1122,"href":"https:\/\/www.granadablogs.com\/juanvida\/wp-json\/wp\/v2\/posts\/1033\/revisions\/1122"}],"wp:attachment":[{"href":"https:\/\/www.granadablogs.com\/juanvida\/wp-json\/wp\/v2\/media?parent=1033"}],"wp:term":[{"taxonomy":"category","embeddable":true,"href":"https:\/\/www.granadablogs.com\/juanvida\/wp-json\/wp\/v2\/categories?post=1033"},{"taxonomy":"post_tag","embeddable":true,"href":"https:\/\/www.granadablogs.com\/juanvida\/wp-json\/wp\/v2\/tags?post=1033"}],"curies":[{"name":"wp","href":"https:\/\/api.w.org\/{rel}","templated":true}]}}